{"id":3130,"date":"2024-09-12T12:51:49","date_gmt":"2024-09-12T16:51:49","guid":{"rendered":"https:\/\/catalogue-tissushumains.hemaquebec.ca\/?p=3130"},"modified":"2024-10-22T08:27:10","modified_gmt":"2024-10-22T12:27:10","slug":"hema8209quebec-at-the-mise-a-jour-annuelle-association-dorthopedie-du-quebec","status":"publish","type":"post","link":"https:\/\/catalogue-tissushumains.wp.vortexdev.com\/en\/hema8209quebec-at-the-mise-a-jour-annuelle-association-dorthopedie-du-quebec\/","title":{"rendered":"H\u00e9ma&amp;#8209;Qu\u00e9bec at the Mise \u00e0 jour annuelle \u2013 Association d\u2019orthop\u00e9die du Qu\u00e9bec"},"content":{"rendered":"\n<p>We had the pleasure of attending the Association d\u2019orthop\u00e9die du Qu\u00e9bec (AOQ)\u2019s annual conference in Mont\u2011Tremblant on September&nbsp;26 and 27, 2024, which this year focused on arthroplasty in the post\u2011COVID era. This was a fantastic opportunity for us to meet orthopedists from across Qu\u00e9bec and chat about our new role as the province\u2019s sole distributor of human tissue as of December&nbsp;2, 2024.<\/p>\n\n\n\n<figure class=\"wp-block-image size-full\"><img decoding=\"async\" width=\"1023\" height=\"728\" src=\"https:\/\/catalogue-tissushumains.hemaquebec.ca\/wp-content\/uploads\/2024\/09\/KiosqueAOQ_2024.png\" alt=\"\" class=\"wp-image-3123\" srcset=\"https:\/\/catalogue-tissushumains.wp.vortexdev.com\/wp-content\/uploads\/2024\/09\/KiosqueAOQ_2024.png 1023w, https:\/\/catalogue-tissushumains.wp.vortexdev.com\/wp-content\/uploads\/2024\/09\/KiosqueAOQ_2024-600x427.png 600w, https:\/\/catalogue-tissushumains.wp.vortexdev.com\/wp-content\/uploads\/2024\/09\/KiosqueAOQ_2024-300x213.png 300w, https:\/\/catalogue-tissushumains.wp.vortexdev.com\/wp-content\/uploads\/2024\/09\/KiosqueAOQ_2024-768x547.png 768w\" sizes=\"(max-width: 1023px) 100vw, 1023px\" \/><figcaption class=\"wp-element-caption\">Anne Tessier, Marie-H\u00e9l\u00e8ne Robert, St\u00e9phanie Larivi\u00e8re, Alexandra Bottex &amp; Amaury Doger de Speville<\/figcaption><\/figure>\n","protected":false},"excerpt":{"rendered":"<p>We had the pleasure of attending the Association d\u2019orthop\u00e9die du Qu\u00e9bec (AOQ)\u2019s annual conference in Mont\u2011Tremblant on September&nbsp;26 and 27, 2024, which this year focused on arthroplasty in the post\u2011COVID era. This was a fantastic opportunity for us to meet orthopedists from across Qu\u00e9bec and chat about our new role as the province\u2019s sole distributor&hellip;<\/p>\n","protected":false},"author":3,"featured_media":3123,"comment_status":"closed","ping_status":"open","sticky":false,"template":"","format":"standard","meta":{"_acf_changed":false,"_relevanssi_hide_post":"","_relevanssi_hide_content":"","_relevanssi_pin_for_all":"","_relevanssi_pin_keywords":"","_relevanssi_unpin_keywords":"","_relevanssi_related_keywords":"","_relevanssi_related_include_ids":"","_relevanssi_related_exclude_ids":"","_relevanssi_related_no_append":"","_relevanssi_related_not_related":"","_relevanssi_related_posts":"3065","_relevanssi_noindex_reason":"","footnotes":""},"categories":[1557],"tags":[],"class_list":["post-3130","post","type-post","status-publish","format-standard","has-post-thumbnail","hentry","category-events"],"acf":[],"_links":{"self":[{"href":"https:\/\/catalogue-tissushumains.wp.vortexdev.com\/en\/wp-json\/wp\/v2\/posts\/3130","targetHints":{"allow":["GET"]}}],"collection":[{"href":"https:\/\/catalogue-tissushumains.wp.vortexdev.com\/en\/wp-json\/wp\/v2\/posts"}],"about":[{"href":"https:\/\/catalogue-tissushumains.wp.vortexdev.com\/en\/wp-json\/wp\/v2\/types\/post"}],"author":[{"embeddable":true,"href":"https:\/\/catalogue-tissushumains.wp.vortexdev.com\/en\/wp-json\/wp\/v2\/users\/3"}],"replies":[{"embeddable":true,"href":"https:\/\/catalogue-tissushumains.wp.vortexdev.com\/en\/wp-json\/wp\/v2\/comments?post=3130"}],"version-history":[{"count":3,"href":"https:\/\/catalogue-tissushumains.wp.vortexdev.com\/en\/wp-json\/wp\/v2\/posts\/3130\/revisions"}],"predecessor-version":[{"id":3164,"href":"https:\/\/catalogue-tissushumains.wp.vortexdev.com\/en\/wp-json\/wp\/v2\/posts\/3130\/revisions\/3164"}],"wp:featuredmedia":[{"embeddable":true,"href":"https:\/\/catalogue-tissushumains.wp.vortexdev.com\/en\/wp-json\/wp\/v2\/media\/3123"}],"wp:attachment":[{"href":"https:\/\/catalogue-tissushumains.wp.vortexdev.com\/en\/wp-json\/wp\/v2\/media?parent=3130"}],"wp:term":[{"taxonomy":"category","embeddable":true,"href":"https:\/\/catalogue-tissushumains.wp.vortexdev.com\/en\/wp-json\/wp\/v2\/categories?post=3130"},{"taxonomy":"post_tag","embeddable":true,"href":"https:\/\/catalogue-tissushumains.wp.vortexdev.com\/en\/wp-json\/wp\/v2\/tags?post=3130"}],"curies":[{"name":"wp","href":"https:\/\/api.w.org\/{rel}","templated":true}]}}